{"id":119,"date":"2019-06-07T08:42:14","date_gmt":"2019-06-07T08:42:14","guid":{"rendered":"https:\/\/www.aunmasbarato.com\/blog\/?p=119"},"modified":"2019-07-15T08:53:37","modified_gmt":"2019-07-15T08:53:37","slug":"nuevas-tendencias-en-electrodometicos-2019","status":"publish","type":"post","link":"https:\/\/www.aunmasbarato.com\/blog\/nuevas-tendencias-en-electrodometicos-2019\/","title":{"rendered":"Tendencias en electrodom\u00e9sticos para 2019"},"content":{"rendered":"\n<ul class=\"wp-block-gallery columns-1 is-cropped wp-block-gallery-1 is-layout-flex wp-block-gallery-is-layout-flex\"><li class=\"blocks-gallery-item\"><figure><img loading=\"lazy\" decoding=\"async\" width=\"1024\" height=\"691\" src=\"https:\/\/www.aunmasbarato.com\/blog\/wp-content\/uploads\/2019\/07\/tendencias-electrodomesticos-1024x691.jpg\" alt=\"\" data-id=\"120\" data-link=\"https:\/\/www.aunmasbarato.com\/blog\/nuevas-tendencias-en-electrodometicos-2019\/tendencias-electrodomesticos\/\" class=\"wp-image-120\" srcset=\"https:\/\/www.aunmasbarato.com\/blog\/wp-content\/uploads\/2019\/07\/tendencias-electrodomesticos-1024x691.jpg 1024w, https:\/\/www.aunmasbarato.com\/blog\/wp-content\/uploads\/2019\/07\/tendencias-electrodomesticos-300x203.jpg 300w, https:\/\/www.aunmasbarato.com\/blog\/wp-content\/uploads\/2019\/07\/tendencias-electrodomesticos-768x518.jpg 768w, https:\/\/www.aunmasbarato.com\/blog\/wp-content\/uploads\/2019\/07\/tendencias-electrodomesticos.jpg 1200w\" sizes=\"auto, (max-width: 709px) 85vw, (max-width: 909px) 67vw, (max-width: 1362px) 62vw, 840px\" \/><\/figure><\/li><\/ul>\n\n\n\n<p>Dise\u00f1o al gusto, materiales innovadores y adaptados a nuestras necesidades socioecon\u00f3micas, son algunas de las tendencias que a d\u00eda de hoy podemos ver en los electrodom\u00e9sticos m\u00e1s tradicionales y los electrodom\u00e9sticos inteligentes.&nbsp;<\/p>\n\n\n\n<!--more-->\n\n\n\n<h2 class=\"wp-block-heading\">Tendencias energ\u00e9ticas y necesidades de los consumidores&nbsp;<\/h2>\n\n\n\n<p>Si bien es cierto que existen diferentes factores que influyen en la evoluci\u00f3n y las tendencias energ\u00e9ticas de nuestros electrodom\u00e9sticos, el principal factor es la necesidad de adaptar su dise\u00f1o y eficiencia&nbsp; a las necesidades del consumidor.&nbsp;<\/p>\n\n\n\n<p>Los cambios en las necesidades de todos nosotros como consumidores afectan de manera transversal en el sector de los aparatos el\u00e9ctricos para el hogar. As\u00ed pues, encontramos cambios y avances sostenibles muy notables que van desde la l\u00ednea blanca hasta el PAE.&nbsp;<\/p>\n\n\n\n<p>Pero, \u00bfcu\u00e1les son las tres nuevas necesidades notables de todo consumidor?&nbsp;<\/p>\n\n\n\n<ul class=\"wp-block-list\"><li><strong>Cuidado del medioambiente<\/strong>. En 1997, tan solo el 5% de los electrodom\u00e9sticos eran de clase A, en la actualidad la cifra se elevaba hasta el 90%.&nbsp;<\/li><li><strong>Nuevos estilos de vida<\/strong>. Los modelos familiares&nbsp; y el estilo de vida han cambiado y con este cambio han llegado nuevos estilos de vida.&nbsp;<\/li><li><strong>Conectividad<\/strong>. Inmersos en la era de la conectividad, tambi\u00e9n necesitamos tener un control absoluto de nuestros electrodom\u00e9sticos para poder gestionarlos hasta estando fuera de casa.&nbsp;<\/li><\/ul>\n\n\n\n<p>Si tenemos que destacar el elemento principal a la hora de vender electrodom\u00e9sticos ser\u00eda: <strong>la certificaci\u00f3n energ\u00e9tica<\/strong>. La concienciaci\u00f3n del consumidor y la normativa de la <strong>Uni\u00f3n Europea<\/strong>, han hecho que el usuario a la hora de la compra busque electrodom\u00e9sticos m\u00e1s sostenibles y por ende que consuman menos.&nbsp;<\/p>\n\n\n\n<p>Este factor est\u00e1 haciendo que las marcas dirijan su dise\u00f1o hasta conseguir electrodom\u00e9sticos con un menor gasto energ\u00e9tico, dando como resultado aparatos el\u00e9ctricos para el hogar con un menor impacto medioambiental.&nbsp;<\/p>\n\n\n\n<p>Otro de los puntos a destacar en las tendencias en electrodom\u00e9sticos para 2019&nbsp; es su vida \u00fatil. La reparabilidad y los aspectos relacionados con el reciclaje han venido para quedarse.&nbsp;<\/p>\n\n\n\n<p>Y es que, para los consumidores ya no basta con que un electrodom\u00e9stico consuma poco sino que adem\u00e1s debe poder ser reparable f\u00e1cilmente y reciclable si su vida \u00fatil ha llegado a su fin.&nbsp;<\/p>\n\n\n\n<h2 class=\"wp-block-heading\">Novedades en aparatos el\u00e9ctricos<\/h2>\n\n\n\n<p>Si tenemos que destacar alguno de nuestros <a href=\"https:\/\/www.aunmasbarato.com\/\">electrodomesticos a buen precio<\/a> por el que todos los consumidores est\u00e1n apostado ser\u00edan las lavadoras-secadoras, ya no solo por la cantidad de espacio que se ahorra en casa, sino por su utilidad y durabilidad.&nbsp;<\/p>\n\n\n\n<p>Si est\u00e1s pensando en <a href=\"https:\/\/www.aunmasbarato.com\/blog\/que-lavadora-secadora-comprar\/\">comprar una lavadora secadora<\/a> para tu hogar pero no te decides, a continuaci\u00f3n de mostramos nuestras dos mejores opciones. Unas lavadoras-secadoras que podr\u00e1s encontrar en nuestra tienda de electrodom\u00e9sticos online.&nbsp;<\/p>\n\n\n\n<p><strong>Balay 3TW976XA. <\/strong>&nbsp;Uno de los modelos m\u00e1s completos ya que tiene una capacidad de lavado hasta 7 kg y hasta 4 kg de secado. Adem\u00e1s, dispone de certificado de eficiencia energ\u00e9tica tipo A, funci\u00f3n de centrifugado de 1400rpm y un acabado de acero mate antihuellas.<\/p>\n\n\n\n<p><strong>Bosch WVH2849XEP.<\/strong> De prestaciones muy similares al modelo anterior, esta lavadora secadora tiene una capacidad de hasta 7kg de lavado y hasta 4 kg de secado, certificado de eficiencia energ\u00e9tica de clase A y funci\u00f3n centrifugado de 1400rpm.<\/p>\n\n\n\n<p>Estas son algunas de las tendencias en electrodom\u00e9sticos para 2019, \u00bfqu\u00e9 esperas para renovar ese electrodom\u00e9sticos que llevas tanto tiempo pensando en hacerlo?&nbsp;<\/p>\n\n\n\n<p>\u00a1Entra en nuestra web y descubre las mejores ofertas!<\/p>\n\n\n\n<p><\/p>\n","protected":false},"excerpt":{"rendered":"<p>Dise\u00f1o al gusto, materiales innovadores y adaptados a nuestras necesidades socioecon\u00f3micas, son algunas de las tendencias que a d\u00eda de hoy podemos ver en los electrodom\u00e9sticos m\u00e1s tradicionales y los electrodom\u00e9sticos inteligentes.&nbsp;<\/p>\n","protected":false},"author":2,"featured_media":0,"comment_status":"closed","ping_status":"closed","sticky":false,"template":"","format":"standard","meta":{"footnotes":""},"categories":[5],"tags":[],"class_list":["post-119","post","type-post","status-publish","format-standard","hentry","category-lavado"],"yoast_head":"<!-- This site is optimized with the Yoast SEO plugin v27.5 - https:\/\/yoast.com\/product\/yoast-seo-wordpress\/ -->\n<title>Nuevas tendencias en electrodom\u00e9sticos para este 2019<\/title>\n<meta name=\"description\" content=\"En Aunmasbarato te explicamos cu\u00e1les ser\u00e1n las tendencias en electrodom\u00e9sticos que marcar\u00e1n este 2019. \u00a1Entra ahora y con\u00f3celas!\" \/>\n<meta name=\"robots\" content=\"index, follow, max-snippet:-1, max-image-preview:large, max-video-preview:-1\" \/>\n<link rel=\"canonical\" href=\"https:\/\/www.aunmasbarato.com\/blog\/nuevas-tendencias-en-electrodometicos-2019\/\" \/>\n<meta property=\"og:locale\" content=\"es_ES\" \/>\n<meta property=\"og:type\" content=\"article\" \/>\n<meta property=\"og:title\" content=\"Nuevas tendencias en electrodom\u00e9sticos para este 2019\" \/>\n<meta property=\"og:description\" content=\"En Aunmasbarato te explicamos cu\u00e1les ser\u00e1n las tendencias en electrodom\u00e9sticos que marcar\u00e1n este 2019. \u00a1Entra ahora y con\u00f3celas!\" \/>\n<meta property=\"og:url\" content=\"https:\/\/www.aunmasbarato.com\/blog\/nuevas-tendencias-en-electrodometicos-2019\/\" \/>\n<meta property=\"og:site_name\" content=\"Blog de Aunmasbarato.com\" \/>\n<meta property=\"article:publisher\" content=\"https:\/\/www.facebook.com\/Aunmasbarato\" \/>\n<meta property=\"article:published_time\" content=\"2019-06-07T08:42:14+00:00\" \/>\n<meta property=\"article:modified_time\" content=\"2019-07-15T08:53:37+00:00\" \/>\n<meta property=\"og:image\" content=\"https:\/\/www.aunmasbarato.com\/blog\/wp-content\/uploads\/2019\/07\/tendencias-electrodomesticos-1024x691.jpg\" \/>\n<meta name=\"author\" content=\"A\u00fan M\u00e1s Barato\" \/>\n<meta name=\"twitter:card\" content=\"summary_large_image\" \/>\n<meta name=\"twitter:label1\" content=\"Escrito por\" \/>\n\t<meta name=\"twitter:data1\" content=\"A\u00fan M\u00e1s Barato\" \/>\n\t<meta name=\"twitter:label2\" content=\"Tiempo de lectura\" \/>\n\t<meta name=\"twitter:data2\" content=\"3 minutos\" \/>\n<script type=\"application\/ld+json\" class=\"yoast-schema-graph\">{\"@context\":\"https:\\\/\\\/schema.org\",\"@graph\":[{\"@type\":\"Article\",\"@id\":\"https:\\\/\\\/www.aunmasbarato.com\\\/blog\\\/nuevas-tendencias-en-electrodometicos-2019\\\/#article\",\"isPartOf\":{\"@id\":\"https:\\\/\\\/www.aunmasbarato.com\\\/blog\\\/nuevas-tendencias-en-electrodometicos-2019\\\/\"},\"author\":{\"name\":\"A\u00fan M\u00e1s Barato\",\"@id\":\"https:\\\/\\\/www.aunmasbarato.com\\\/blog\\\/#\\\/schema\\\/person\\\/ef192dad5fba1c0e75b333faa090bc1c\"},\"headline\":\"Tendencias en electrodom\u00e9sticos para 2019\",\"datePublished\":\"2019-06-07T08:42:14+00:00\",\"dateModified\":\"2019-07-15T08:53:37+00:00\",\"mainEntityOfPage\":{\"@id\":\"https:\\\/\\\/www.aunmasbarato.com\\\/blog\\\/nuevas-tendencias-en-electrodometicos-2019\\\/\"},\"wordCount\":608,\"publisher\":{\"@id\":\"https:\\\/\\\/www.aunmasbarato.com\\\/blog\\\/#organization\"},\"image\":{\"@id\":\"https:\\\/\\\/www.aunmasbarato.com\\\/blog\\\/nuevas-tendencias-en-electrodometicos-2019\\\/#primaryimage\"},\"thumbnailUrl\":\"https:\\\/\\\/www.aunmasbarato.com\\\/blog\\\/wp-content\\\/uploads\\\/2019\\\/07\\\/tendencias-electrodomesticos-1024x691.jpg\",\"articleSection\":[\"Lavado\"],\"inLanguage\":\"es\"},{\"@type\":\"WebPage\",\"@id\":\"https:\\\/\\\/www.aunmasbarato.com\\\/blog\\\/nuevas-tendencias-en-electrodometicos-2019\\\/\",\"url\":\"https:\\\/\\\/www.aunmasbarato.com\\\/blog\\\/nuevas-tendencias-en-electrodometicos-2019\\\/\",\"name\":\"Nuevas tendencias en electrodom\u00e9sticos para este 2019\",\"isPartOf\":{\"@id\":\"https:\\\/\\\/www.aunmasbarato.com\\\/blog\\\/#website\"},\"primaryImageOfPage\":{\"@id\":\"https:\\\/\\\/www.aunmasbarato.com\\\/blog\\\/nuevas-tendencias-en-electrodometicos-2019\\\/#primaryimage\"},\"image\":{\"@id\":\"https:\\\/\\\/www.aunmasbarato.com\\\/blog\\\/nuevas-tendencias-en-electrodometicos-2019\\\/#primaryimage\"},\"thumbnailUrl\":\"https:\\\/\\\/www.aunmasbarato.com\\\/blog\\\/wp-content\\\/uploads\\\/2019\\\/07\\\/tendencias-electrodomesticos-1024x691.jpg\",\"datePublished\":\"2019-06-07T08:42:14+00:00\",\"dateModified\":\"2019-07-15T08:53:37+00:00\",\"description\":\"En Aunmasbarato te explicamos cu\u00e1les ser\u00e1n las tendencias en electrodom\u00e9sticos que marcar\u00e1n este 2019. \u00a1Entra ahora y con\u00f3celas!\",\"breadcrumb\":{\"@id\":\"https:\\\/\\\/www.aunmasbarato.com\\\/blog\\\/nuevas-tendencias-en-electrodometicos-2019\\\/#breadcrumb\"},\"inLanguage\":\"es\",\"potentialAction\":[{\"@type\":\"ReadAction\",\"target\":[\"https:\\\/\\\/www.aunmasbarato.com\\\/blog\\\/nuevas-tendencias-en-electrodometicos-2019\\\/\"]}]},{\"@type\":\"ImageObject\",\"inLanguage\":\"es\",\"@id\":\"https:\\\/\\\/www.aunmasbarato.com\\\/blog\\\/nuevas-tendencias-en-electrodometicos-2019\\\/#primaryimage\",\"url\":\"https:\\\/\\\/www.aunmasbarato.com\\\/blog\\\/wp-content\\\/uploads\\\/2019\\\/07\\\/tendencias-electrodomesticos.jpg\",\"contentUrl\":\"https:\\\/\\\/www.aunmasbarato.com\\\/blog\\\/wp-content\\\/uploads\\\/2019\\\/07\\\/tendencias-electrodomesticos.jpg\",\"width\":1200,\"height\":810},{\"@type\":\"BreadcrumbList\",\"@id\":\"https:\\\/\\\/www.aunmasbarato.com\\\/blog\\\/nuevas-tendencias-en-electrodometicos-2019\\\/#breadcrumb\",\"itemListElement\":[{\"@type\":\"ListItem\",\"position\":1,\"name\":\"Portada\",\"item\":\"https:\\\/\\\/www.aunmasbarato.com\\\/blog\\\/\"},{\"@type\":\"ListItem\",\"position\":2,\"name\":\"Tendencias en electrodom\u00e9sticos para 2019\"}]},{\"@type\":\"WebSite\",\"@id\":\"https:\\\/\\\/www.aunmasbarato.com\\\/blog\\\/#website\",\"url\":\"https:\\\/\\\/www.aunmasbarato.com\\\/blog\\\/\",\"name\":\"Blog - Aunmasbarato\",\"description\":\"En A\u00fan M\u00e1s Barato contamos con m\u00e1s de 30 a\u00f1os de experiencia en la venta de electrodom\u00e9sticos, ofreciendo los mejores precios en electrodom\u00e9sticos con el mejor servicio. En nuestro blog encontrar\u00e1s todas las caracter\u00edsticas de nuestros electrodom\u00e9sticos y las \u00faltimas novedades del sector.\",\"publisher\":{\"@id\":\"https:\\\/\\\/www.aunmasbarato.com\\\/blog\\\/#organization\"},\"potentialAction\":[{\"@type\":\"SearchAction\",\"target\":{\"@type\":\"EntryPoint\",\"urlTemplate\":\"https:\\\/\\\/www.aunmasbarato.com\\\/blog\\\/?s={search_term_string}\"},\"query-input\":{\"@type\":\"PropertyValueSpecification\",\"valueRequired\":true,\"valueName\":\"search_term_string\"}}],\"inLanguage\":\"es\"},{\"@type\":\"Organization\",\"@id\":\"https:\\\/\\\/www.aunmasbarato.com\\\/blog\\\/#organization\",\"name\":\"aunmasbarato.com\",\"url\":\"https:\\\/\\\/www.aunmasbarato.com\\\/blog\\\/\",\"logo\":{\"@type\":\"ImageObject\",\"inLanguage\":\"es\",\"@id\":\"https:\\\/\\\/www.aunmasbarato.com\\\/blog\\\/#\\\/schema\\\/logo\\\/image\\\/\",\"url\":\"https:\\\/\\\/www.aunmasbarato.com\\\/blog\\\/wp-content\\\/uploads\\\/2019\\\/05\\\/logo2017.png\",\"contentUrl\":\"https:\\\/\\\/www.aunmasbarato.com\\\/blog\\\/wp-content\\\/uploads\\\/2019\\\/05\\\/logo2017.png\",\"width\":215,\"height\":89,\"caption\":\"aunmasbarato.com\"},\"image\":{\"@id\":\"https:\\\/\\\/www.aunmasbarato.com\\\/blog\\\/#\\\/schema\\\/logo\\\/image\\\/\"},\"sameAs\":[\"https:\\\/\\\/www.facebook.com\\\/Aunmasbarato\"]},{\"@type\":\"Person\",\"@id\":\"https:\\\/\\\/www.aunmasbarato.com\\\/blog\\\/#\\\/schema\\\/person\\\/ef192dad5fba1c0e75b333faa090bc1c\",\"name\":\"A\u00fan M\u00e1s Barato\"}]}<\/script>\n<!-- \/ Yoast SEO plugin. -->","yoast_head_json":{"title":"Nuevas tendencias en electrodom\u00e9sticos para este 2019","description":"En Aunmasbarato te explicamos cu\u00e1les ser\u00e1n las tendencias en electrodom\u00e9sticos que marcar\u00e1n este 2019. \u00a1Entra ahora y con\u00f3celas!","robots":{"index":"index","follow":"follow","max-snippet":"max-snippet:-1","max-image-preview":"max-image-preview:large","max-video-preview":"max-video-preview:-1"},"canonical":"https:\/\/www.aunmasbarato.com\/blog\/nuevas-tendencias-en-electrodometicos-2019\/","og_locale":"es_ES","og_type":"article","og_title":"Nuevas tendencias en electrodom\u00e9sticos para este 2019","og_description":"En Aunmasbarato te explicamos cu\u00e1les ser\u00e1n las tendencias en electrodom\u00e9sticos que marcar\u00e1n este 2019. \u00a1Entra ahora y con\u00f3celas!","og_url":"https:\/\/www.aunmasbarato.com\/blog\/nuevas-tendencias-en-electrodometicos-2019\/","og_site_name":"Blog de Aunmasbarato.com","article_publisher":"https:\/\/www.facebook.com\/Aunmasbarato","article_published_time":"2019-06-07T08:42:14+00:00","article_modified_time":"2019-07-15T08:53:37+00:00","og_image":[{"url":"https:\/\/www.aunmasbarato.com\/blog\/wp-content\/uploads\/2019\/07\/tendencias-electrodomesticos-1024x691.jpg","type":"","width":"","height":""}],"author":"A\u00fan M\u00e1s Barato","twitter_card":"summary_large_image","twitter_misc":{"Escrito por":"A\u00fan M\u00e1s Barato","Tiempo de lectura":"3 minutos"},"schema":{"@context":"https:\/\/schema.org","@graph":[{"@type":"Article","@id":"https:\/\/www.aunmasbarato.com\/blog\/nuevas-tendencias-en-electrodometicos-2019\/#article","isPartOf":{"@id":"https:\/\/www.aunmasbarato.com\/blog\/nuevas-tendencias-en-electrodometicos-2019\/"},"author":{"name":"A\u00fan M\u00e1s Barato","@id":"https:\/\/www.aunmasbarato.com\/blog\/#\/schema\/person\/ef192dad5fba1c0e75b333faa090bc1c"},"headline":"Tendencias en electrodom\u00e9sticos para 2019","datePublished":"2019-06-07T08:42:14+00:00","dateModified":"2019-07-15T08:53:37+00:00","mainEntityOfPage":{"@id":"https:\/\/www.aunmasbarato.com\/blog\/nuevas-tendencias-en-electrodometicos-2019\/"},"wordCount":608,"publisher":{"@id":"https:\/\/www.aunmasbarato.com\/blog\/#organization"},"image":{"@id":"https:\/\/www.aunmasbarato.com\/blog\/nuevas-tendencias-en-electrodometicos-2019\/#primaryimage"},"thumbnailUrl":"https:\/\/www.aunmasbarato.com\/blog\/wp-content\/uploads\/2019\/07\/tendencias-electrodomesticos-1024x691.jpg","articleSection":["Lavado"],"inLanguage":"es"},{"@type":"WebPage","@id":"https:\/\/www.aunmasbarato.com\/blog\/nuevas-tendencias-en-electrodometicos-2019\/","url":"https:\/\/www.aunmasbarato.com\/blog\/nuevas-tendencias-en-electrodometicos-2019\/","name":"Nuevas tendencias en electrodom\u00e9sticos para este 2019","isPartOf":{"@id":"https:\/\/www.aunmasbarato.com\/blog\/#website"},"primaryImageOfPage":{"@id":"https:\/\/www.aunmasbarato.com\/blog\/nuevas-tendencias-en-electrodometicos-2019\/#primaryimage"},"image":{"@id":"https:\/\/www.aunmasbarato.com\/blog\/nuevas-tendencias-en-electrodometicos-2019\/#primaryimage"},"thumbnailUrl":"https:\/\/www.aunmasbarato.com\/blog\/wp-content\/uploads\/2019\/07\/tendencias-electrodomesticos-1024x691.jpg","datePublished":"2019-06-07T08:42:14+00:00","dateModified":"2019-07-15T08:53:37+00:00","description":"En Aunmasbarato te explicamos cu\u00e1les ser\u00e1n las tendencias en electrodom\u00e9sticos que marcar\u00e1n este 2019. \u00a1Entra ahora y con\u00f3celas!","breadcrumb":{"@id":"https:\/\/www.aunmasbarato.com\/blog\/nuevas-tendencias-en-electrodometicos-2019\/#breadcrumb"},"inLanguage":"es","potentialAction":[{"@type":"ReadAction","target":["https:\/\/www.aunmasbarato.com\/blog\/nuevas-tendencias-en-electrodometicos-2019\/"]}]},{"@type":"ImageObject","inLanguage":"es","@id":"https:\/\/www.aunmasbarato.com\/blog\/nuevas-tendencias-en-electrodometicos-2019\/#primaryimage","url":"https:\/\/www.aunmasbarato.com\/blog\/wp-content\/uploads\/2019\/07\/tendencias-electrodomesticos.jpg","contentUrl":"https:\/\/www.aunmasbarato.com\/blog\/wp-content\/uploads\/2019\/07\/tendencias-electrodomesticos.jpg","width":1200,"height":810},{"@type":"BreadcrumbList","@id":"https:\/\/www.aunmasbarato.com\/blog\/nuevas-tendencias-en-electrodometicos-2019\/#breadcrumb","itemListElement":[{"@type":"ListItem","position":1,"name":"Portada","item":"https:\/\/www.aunmasbarato.com\/blog\/"},{"@type":"ListItem","position":2,"name":"Tendencias en electrodom\u00e9sticos para 2019"}]},{"@type":"WebSite","@id":"https:\/\/www.aunmasbarato.com\/blog\/#website","url":"https:\/\/www.aunmasbarato.com\/blog\/","name":"Blog - Aunmasbarato","description":"En A\u00fan M\u00e1s Barato contamos con m\u00e1s de 30 a\u00f1os de experiencia en la venta de electrodom\u00e9sticos, ofreciendo los mejores precios en electrodom\u00e9sticos con el mejor servicio. En nuestro blog encontrar\u00e1s todas las caracter\u00edsticas de nuestros electrodom\u00e9sticos y las \u00faltimas novedades del sector.","publisher":{"@id":"https:\/\/www.aunmasbarato.com\/blog\/#organization"},"potentialAction":[{"@type":"SearchAction","target":{"@type":"EntryPoint","urlTemplate":"https:\/\/www.aunmasbarato.com\/blog\/?s={search_term_string}"},"query-input":{"@type":"PropertyValueSpecification","valueRequired":true,"valueName":"search_term_string"}}],"inLanguage":"es"},{"@type":"Organization","@id":"https:\/\/www.aunmasbarato.com\/blog\/#organization","name":"aunmasbarato.com","url":"https:\/\/www.aunmasbarato.com\/blog\/","logo":{"@type":"ImageObject","inLanguage":"es","@id":"https:\/\/www.aunmasbarato.com\/blog\/#\/schema\/logo\/image\/","url":"https:\/\/www.aunmasbarato.com\/blog\/wp-content\/uploads\/2019\/05\/logo2017.png","contentUrl":"https:\/\/www.aunmasbarato.com\/blog\/wp-content\/uploads\/2019\/05\/logo2017.png","width":215,"height":89,"caption":"aunmasbarato.com"},"image":{"@id":"https:\/\/www.aunmasbarato.com\/blog\/#\/schema\/logo\/image\/"},"sameAs":["https:\/\/www.facebook.com\/Aunmasbarato"]},{"@type":"Person","@id":"https:\/\/www.aunmasbarato.com\/blog\/#\/schema\/person\/ef192dad5fba1c0e75b333faa090bc1c","name":"A\u00fan M\u00e1s Barato"}]}},"_links":{"self":[{"href":"https:\/\/www.aunmasbarato.com\/blog\/wp-json\/wp\/v2\/posts\/119","targetHints":{"allow":["GET"]}}],"collection":[{"href":"https:\/\/www.aunmasbarato.com\/blog\/wp-json\/wp\/v2\/posts"}],"about":[{"href":"https:\/\/www.aunmasbarato.com\/blog\/wp-json\/wp\/v2\/types\/post"}],"author":[{"embeddable":true,"href":"https:\/\/www.aunmasbarato.com\/blog\/wp-json\/wp\/v2\/users\/2"}],"replies":[{"embeddable":true,"href":"https:\/\/www.aunmasbarato.com\/blog\/wp-json\/wp\/v2\/comments?post=119"}],"version-history":[{"count":4,"href":"https:\/\/www.aunmasbarato.com\/blog\/wp-json\/wp\/v2\/posts\/119\/revisions"}],"predecessor-version":[{"id":124,"href":"https:\/\/www.aunmasbarato.com\/blog\/wp-json\/wp\/v2\/posts\/119\/revisions\/124"}],"wp:attachment":[{"href":"https:\/\/www.aunmasbarato.com\/blog\/wp-json\/wp\/v2\/media?parent=119"}],"wp:term":[{"taxonomy":"category","embeddable":true,"href":"https:\/\/www.aunmasbarato.com\/blog\/wp-json\/wp\/v2\/categories?post=119"},{"taxonomy":"post_tag","embeddable":true,"href":"https:\/\/www.aunmasbarato.com\/blog\/wp-json\/wp\/v2\/tags?post=119"}],"curies":[{"name":"wp","href":"https:\/\/api.w.org\/{rel}","templated":true}]}}