{"id":1028,"date":"2025-03-10T14:22:06","date_gmt":"2025-03-10T14:22:06","guid":{"rendered":"https:\/\/www.aunmasbarato.com\/blog\/?p=1028"},"modified":"2025-04-09T11:13:39","modified_gmt":"2025-04-09T11:13:39","slug":"secadoras-van-a-retirar","status":"publish","type":"post","link":"https:\/\/www.aunmasbarato.com\/blog\/secadoras-van-a-retirar\/","title":{"rendered":"\u00bfSabes qu\u00e9 secadoras van a retirar del mercado?"},"content":{"rendered":"\n<figure class=\"wp-block-image size-full\"><img loading=\"lazy\" decoding=\"async\" width=\"940\" height=\"788\" src=\"https:\/\/www.aunmasbarato.com\/blog\/wp-content\/uploads\/2025\/03\/filtro-secafora.png\" alt=\"secadoras van a retirar\" class=\"wp-image-1029\" srcset=\"https:\/\/www.aunmasbarato.com\/blog\/wp-content\/uploads\/2025\/03\/filtro-secafora.png 940w, https:\/\/www.aunmasbarato.com\/blog\/wp-content\/uploads\/2025\/03\/filtro-secafora-300x251.png 300w, https:\/\/www.aunmasbarato.com\/blog\/wp-content\/uploads\/2025\/03\/filtro-secafora-768x644.png 768w\" sizes=\"auto, (max-width: 709px) 85vw, (max-width: 909px) 67vw, (max-width: 1362px) 62vw, 840px\" \/><\/figure>\n\n\n\n<p>De la mano de <a href=\"https:\/\/www.aunmasbarato.com\/\">A\u00fan m\u00e1s barato<\/a> te vamos a poner al d\u00eda sobre las <strong>\u00faltimas noticias en electrodom\u00e9sticos<\/strong> y la importancia de saber si posees alguna de estas secadoras van a retirar, c\u00f3mo identificarlas y considerar su cambio procurando el bien estar y la comodidad de nuestros clientes.<\/p>\n\n\n\n<!--more-->\n\n\n<a href=\"https:\/\/www.aunmasbarato.com\/electrodomesticos\/otros\/kit-apagon-o-emergencia-rapida\"><figure><img decoding=\"async\" src=\"https:\/\/www.aunmasbarato.com\/images\/banner\/B\/BANNER_72H.jpg\" alt=\"promociones\"><\/figure><\/a><br>\n\n\n\n<h2 class=\"wp-block-heading\"><br>\u00bfQu\u00e9 tipos de secadoras hay y en qu\u00e9 se diferencian y que secadoras van a retirar?<\/h2>\n\n\n\n<p><br><strong>Existen tres clases de secadoras:<\/strong><br>\u25cf De bomba de calor.<br>\u25cf De condensaci\u00f3n.<br>\u25cf De evacuaci\u00f3n.<\/p>\n\n\n\n<p><br>En este art\u00edculo te vamos a explicar el funcionamiento de todos los tiempos de <a href=\"https:\/\/www.aunmasbarato.com\/electrodomesticos\/lavado\/secadoras\">secadoras<\/a> que est\u00e1n en el mercado.<\/p>\n\n\n\n<p><br>Las secadoras de evacuaci\u00f3n expulsan la humedad del interior hacia el exterior a trav\u00e9s de un tubo. Estas son las m\u00e1s econ\u00f3micas y sencillas, pero menos eficientes a nivel energ\u00e9tico.<\/p>\n\n\n\n<p><br>Las secadoras de condensaci\u00f3n acumulan el vapor de agua en un dep\u00f3sito, lo que retira la necesidad de una salida de aire. Son m\u00e1s eficientes, pero pueden consumir m\u00e1s energ\u00eda el\u00e9ctrica.<\/p>\n\n\n\n<p><br>Las secadoras de bomba de calor, por \u00faltimo, reutilizan el aire caliente, siendo las m\u00e1s eficientes energ\u00e9ticamente.<\/p>\n\n\n\n<figure class=\"wp-block-image size-full\"><img loading=\"lazy\" decoding=\"async\" width=\"940\" height=\"788\" src=\"https:\/\/www.aunmasbarato.com\/blog\/wp-content\/uploads\/2025\/03\/ahorro.png\" alt=\"\" class=\"wp-image-1030\" srcset=\"https:\/\/www.aunmasbarato.com\/blog\/wp-content\/uploads\/2025\/03\/ahorro.png 940w, https:\/\/www.aunmasbarato.com\/blog\/wp-content\/uploads\/2025\/03\/ahorro-300x251.png 300w, https:\/\/www.aunmasbarato.com\/blog\/wp-content\/uploads\/2025\/03\/ahorro-768x644.png 768w\" sizes=\"auto, (max-width: 709px) 85vw, (max-width: 909px) 67vw, (max-width: 1362px) 62vw, 840px\" \/><\/figure>\n\n\n\n<p><br>En <a href=\"https:\/\/www.aunmasbarato.com\/\">A\u00fan m\u00e1s barato<\/a> las encontrar\u00e1s al mejor precio una gran variedad de modelos de <a href=\"https:\/\/www.aunmasbarato.com\/electrodomesticos\/lavado\/secadoras\">secadoras<\/a>.<\/p>\n\n\n\n<p><br>Entonces, <strong>\u00bfqu\u00e9 es lo que ha hecho que ciertos de estos modelos sean retirados?<\/strong><\/p>\n\n\n\n<p><br>En los \u00faltimos a\u00f1os, se ha contemplado la <strong>retirada<\/strong> de las secadoras de condensaci\u00f3n y evacuaci\u00f3n debido a su impacto en el medio ambiente causado por s<strong>u menor eficiencia energ\u00e9tica<\/strong>. <\/p>\n\n\n\n<p>Las secadoras de evacuaci\u00f3n expulsan el aire caliente y la humedad al exterior, requieren de un espacio y energ\u00eda poco pr\u00e1cticos para su instalaci\u00f3n.<\/p>\n\n\n\n<p>Por otro lado, las secadoras de condensaci\u00f3n, por mucho que sean m\u00e1s pr\u00e1cticas, siguen consumiendo una cantidad considerable de electricidad. <\/p>\n\n\n\n<p>Frente a la creciente preocupaci\u00f3n por la sostenibilidad y el ahorro en energ\u00edas, <strong>las secadoras de bomba de calor<\/strong>, que aprovechan mejor la energ\u00eda, <strong>est\u00e1n generando mejor sensaci\u00f3n en los clientes<\/strong>, siendo una opci\u00f3n menos nociva para el medio ambiente y econ\u00f3mica a largo plazo.<\/p>\n\n\n\n<p> Y en <a href=\"https:\/\/www.aunmasbarato.com\/\">A\u00fan m\u00e1s barato<\/a> te vamos a contar todo lo que necesitas saber sobre estas magn\u00edficas secadoras. Visita nuestra p\u00e1gina web para conocer las mejores ofertas en este modelo de secadora.<\/p>\n\n\n\n<h3 class=\"wp-block-heading\"><br>La secadora de bomba de calor y sus beneficios<\/h3>\n\n\n\n<p><br>Las <a href=\"https:\/\/www.aunmasbarato.com\/electrodomesticos\/lavado\/secadoras\">secadoras de bomba de calor<\/a> ofrecen numerosos beneficios, haci\u00e9ndose destacar en primer lugar por su <strong>eficiencia energ\u00e9tica<\/strong>. En comparaci\u00f3n de las de condensaci\u00f3n o evacuaci\u00f3n, estas secadoras reutilizan el aire caliente en vez de expulsarlo, lo que minimiza el consumo de electricidad y, como consecuencia, el impacto en el medio ambiente.<\/p>\n\n\n\n<p><br>Adem\u00e1s, trabajan a temperaturas m\u00e1s bajas, lo que <strong>protege la ropa y aumenta su durabilidad.<\/strong> Aunque su inversi\u00f3n inicial es m\u00e1s alta, <strong>el ahorro energ\u00e9tico a largo plazo<\/strong> compensa totalmente su precio.<\/p>\n\n\n\n<p><br>Tambi\u00e9n <strong>son m\u00e1s vers\u00e1tiles<\/strong>, ya que no precisan de una salida de aire externa, lo que hace m\u00e1s f\u00e1cil su instalaci\u00f3n en diferentes espacios. Por ello, en la tienda online y f\u00edsica de <a href=\"https:\/\/www.aunmasbarato.com\/\">A\u00fan m\u00e1s barato<\/a> te ofrecemos un cat\u00e1logo tanto de secadoras como <a href=\"https:\/\/www.aunmasbarato.com\/electrodomesticos\/lavado\/lavadora-secadora\">lavadoras secadoras<\/a>, para que elijas aquella que se adapte de la manera m\u00e1s adecuada a tu hogar.<\/p>\n\n\n\n<p><br>En Resumen, si vas a comprar una secadora o a cambiar la que tienes, no olvides seguir estos consejos. Elige la m\u00e1s eficiente, c\u00f3moda para tu hogar.<\/p>\n","protected":false},"excerpt":{"rendered":"<p>De la mano de A\u00fan m\u00e1s barato te vamos a poner al d\u00eda sobre las \u00faltimas noticias en electrodom\u00e9sticos y la importancia de saber si posees alguna de estas secadoras van a retirar, c\u00f3mo identificarlas y considerar su cambio procurando el bien estar y la comodidad de nuestros clientes.<\/p>\n","protected":false},"author":1,"featured_media":0,"comment_status":"closed","ping_status":"closed","sticky":false,"template":"","format":"standard","meta":{"footnotes":""},"categories":[18],"tags":[],"class_list":["post-1028","post","type-post","status-publish","format-standard","hentry","category-secadoras"],"yoast_head":"<!-- This site is optimized with the Yoast SEO plugin v27.4 - https:\/\/yoast.com\/product\/yoast-seo-wordpress\/ -->\n<title>\u00bfSabes qu\u00e9 secadoras van a retirar del mercado? - Blog de Aunmasbarato.com<\/title>\n<meta name=\"description\" content=\"En a\u00fan m\u00e1s barato te contamos que secadoras van a retirar del mercado y qu\u00e9 tipo de secadora debes elegir si te vas a comprar una nueva.\" \/>\n<meta name=\"robots\" content=\"index, follow, max-snippet:-1, max-image-preview:large, max-video-preview:-1\" \/>\n<link rel=\"canonical\" href=\"https:\/\/www.aunmasbarato.com\/blog\/secadoras-van-a-retirar\/\" \/>\n<meta property=\"og:locale\" content=\"es_ES\" \/>\n<meta property=\"og:type\" content=\"article\" \/>\n<meta property=\"og:title\" content=\"\u00bfSabes qu\u00e9 secadoras van a retirar del mercado? - Blog de Aunmasbarato.com\" \/>\n<meta property=\"og:description\" content=\"En a\u00fan m\u00e1s barato te contamos que secadoras van a retirar del mercado y qu\u00e9 tipo de secadora debes elegir si te vas a comprar una nueva.\" \/>\n<meta property=\"og:url\" content=\"https:\/\/www.aunmasbarato.com\/blog\/secadoras-van-a-retirar\/\" \/>\n<meta property=\"og:site_name\" content=\"Blog de Aunmasbarato.com\" \/>\n<meta property=\"article:publisher\" content=\"https:\/\/www.facebook.com\/Aunmasbarato\" \/>\n<meta property=\"article:published_time\" content=\"2025-03-10T14:22:06+00:00\" \/>\n<meta property=\"article:modified_time\" content=\"2025-04-09T11:13:39+00:00\" \/>\n<meta property=\"og:image\" content=\"https:\/\/www.aunmasbarato.com\/blog\/wp-content\/uploads\/2025\/03\/filtro-secafora.png\" \/>\n\t<meta property=\"og:image:width\" content=\"940\" \/>\n\t<meta property=\"og:image:height\" content=\"788\" \/>\n\t<meta property=\"og:image:type\" content=\"image\/png\" \/>\n<meta name=\"author\" content=\"aunmasbarato\" \/>\n<meta name=\"twitter:card\" content=\"summary_large_image\" \/>\n<meta name=\"twitter:label1\" content=\"Escrito por\" \/>\n\t<meta name=\"twitter:data1\" content=\"aunmasbarato\" \/>\n\t<meta name=\"twitter:label2\" content=\"Tiempo de lectura\" \/>\n\t<meta name=\"twitter:data2\" content=\"3 minutos\" \/>\n<script type=\"application\/ld+json\" class=\"yoast-schema-graph\">{\"@context\":\"https:\\\/\\\/schema.org\",\"@graph\":[{\"@type\":\"Article\",\"@id\":\"https:\\\/\\\/www.aunmasbarato.com\\\/blog\\\/secadoras-van-a-retirar\\\/#article\",\"isPartOf\":{\"@id\":\"https:\\\/\\\/www.aunmasbarato.com\\\/blog\\\/secadoras-van-a-retirar\\\/\"},\"author\":{\"name\":\"aunmasbarato\",\"@id\":\"https:\\\/\\\/www.aunmasbarato.com\\\/blog\\\/#\\\/schema\\\/person\\\/737b962b6762d9aba8214784d7ed4db2\"},\"headline\":\"\u00bfSabes qu\u00e9 secadoras van a retirar del mercado?\",\"datePublished\":\"2025-03-10T14:22:06+00:00\",\"dateModified\":\"2025-04-09T11:13:39+00:00\",\"mainEntityOfPage\":{\"@id\":\"https:\\\/\\\/www.aunmasbarato.com\\\/blog\\\/secadoras-van-a-retirar\\\/\"},\"wordCount\":617,\"publisher\":{\"@id\":\"https:\\\/\\\/www.aunmasbarato.com\\\/blog\\\/#organization\"},\"image\":{\"@id\":\"https:\\\/\\\/www.aunmasbarato.com\\\/blog\\\/secadoras-van-a-retirar\\\/#primaryimage\"},\"thumbnailUrl\":\"https:\\\/\\\/www.aunmasbarato.com\\\/blog\\\/wp-content\\\/uploads\\\/2025\\\/03\\\/filtro-secafora.png\",\"articleSection\":[\"Secadoras\"],\"inLanguage\":\"es\"},{\"@type\":\"WebPage\",\"@id\":\"https:\\\/\\\/www.aunmasbarato.com\\\/blog\\\/secadoras-van-a-retirar\\\/\",\"url\":\"https:\\\/\\\/www.aunmasbarato.com\\\/blog\\\/secadoras-van-a-retirar\\\/\",\"name\":\"\u00bfSabes qu\u00e9 secadoras van a retirar del mercado? - Blog de Aunmasbarato.com\",\"isPartOf\":{\"@id\":\"https:\\\/\\\/www.aunmasbarato.com\\\/blog\\\/#website\"},\"primaryImageOfPage\":{\"@id\":\"https:\\\/\\\/www.aunmasbarato.com\\\/blog\\\/secadoras-van-a-retirar\\\/#primaryimage\"},\"image\":{\"@id\":\"https:\\\/\\\/www.aunmasbarato.com\\\/blog\\\/secadoras-van-a-retirar\\\/#primaryimage\"},\"thumbnailUrl\":\"https:\\\/\\\/www.aunmasbarato.com\\\/blog\\\/wp-content\\\/uploads\\\/2025\\\/03\\\/filtro-secafora.png\",\"datePublished\":\"2025-03-10T14:22:06+00:00\",\"dateModified\":\"2025-04-09T11:13:39+00:00\",\"description\":\"En a\u00fan m\u00e1s barato te contamos que secadoras van a retirar del mercado y qu\u00e9 tipo de secadora debes elegir si te vas a comprar una nueva.\",\"breadcrumb\":{\"@id\":\"https:\\\/\\\/www.aunmasbarato.com\\\/blog\\\/secadoras-van-a-retirar\\\/#breadcrumb\"},\"inLanguage\":\"es\",\"potentialAction\":[{\"@type\":\"ReadAction\",\"target\":[\"https:\\\/\\\/www.aunmasbarato.com\\\/blog\\\/secadoras-van-a-retirar\\\/\"]}]},{\"@type\":\"ImageObject\",\"inLanguage\":\"es\",\"@id\":\"https:\\\/\\\/www.aunmasbarato.com\\\/blog\\\/secadoras-van-a-retirar\\\/#primaryimage\",\"url\":\"https:\\\/\\\/www.aunmasbarato.com\\\/blog\\\/wp-content\\\/uploads\\\/2025\\\/03\\\/filtro-secafora.png\",\"contentUrl\":\"https:\\\/\\\/www.aunmasbarato.com\\\/blog\\\/wp-content\\\/uploads\\\/2025\\\/03\\\/filtro-secafora.png\",\"width\":940,\"height\":788},{\"@type\":\"BreadcrumbList\",\"@id\":\"https:\\\/\\\/www.aunmasbarato.com\\\/blog\\\/secadoras-van-a-retirar\\\/#breadcrumb\",\"itemListElement\":[{\"@type\":\"ListItem\",\"position\":1,\"name\":\"Portada\",\"item\":\"https:\\\/\\\/www.aunmasbarato.com\\\/blog\\\/\"},{\"@type\":\"ListItem\",\"position\":2,\"name\":\"\u00bfSabes qu\u00e9 secadoras van a retirar del mercado?\"}]},{\"@type\":\"WebSite\",\"@id\":\"https:\\\/\\\/www.aunmasbarato.com\\\/blog\\\/#website\",\"url\":\"https:\\\/\\\/www.aunmasbarato.com\\\/blog\\\/\",\"name\":\"Blog - Aunmasbarato\",\"description\":\"En A\u00fan M\u00e1s Barato contamos con m\u00e1s de 30 a\u00f1os de experiencia en la venta de electrodom\u00e9sticos, ofreciendo los mejores precios en electrodom\u00e9sticos con el mejor servicio. En nuestro blog encontrar\u00e1s todas las caracter\u00edsticas de nuestros electrodom\u00e9sticos y las \u00faltimas novedades del sector.\",\"publisher\":{\"@id\":\"https:\\\/\\\/www.aunmasbarato.com\\\/blog\\\/#organization\"},\"potentialAction\":[{\"@type\":\"SearchAction\",\"target\":{\"@type\":\"EntryPoint\",\"urlTemplate\":\"https:\\\/\\\/www.aunmasbarato.com\\\/blog\\\/?s={search_term_string}\"},\"query-input\":{\"@type\":\"PropertyValueSpecification\",\"valueRequired\":true,\"valueName\":\"search_term_string\"}}],\"inLanguage\":\"es\"},{\"@type\":\"Organization\",\"@id\":\"https:\\\/\\\/www.aunmasbarato.com\\\/blog\\\/#organization\",\"name\":\"aunmasbarato.com\",\"url\":\"https:\\\/\\\/www.aunmasbarato.com\\\/blog\\\/\",\"logo\":{\"@type\":\"ImageObject\",\"inLanguage\":\"es\",\"@id\":\"https:\\\/\\\/www.aunmasbarato.com\\\/blog\\\/#\\\/schema\\\/logo\\\/image\\\/\",\"url\":\"https:\\\/\\\/www.aunmasbarato.com\\\/blog\\\/wp-content\\\/uploads\\\/2019\\\/05\\\/logo2017.png\",\"contentUrl\":\"https:\\\/\\\/www.aunmasbarato.com\\\/blog\\\/wp-content\\\/uploads\\\/2019\\\/05\\\/logo2017.png\",\"width\":215,\"height\":89,\"caption\":\"aunmasbarato.com\"},\"image\":{\"@id\":\"https:\\\/\\\/www.aunmasbarato.com\\\/blog\\\/#\\\/schema\\\/logo\\\/image\\\/\"},\"sameAs\":[\"https:\\\/\\\/www.facebook.com\\\/Aunmasbarato\"]},{\"@type\":\"Person\",\"@id\":\"https:\\\/\\\/www.aunmasbarato.com\\\/blog\\\/#\\\/schema\\\/person\\\/737b962b6762d9aba8214784d7ed4db2\",\"name\":\"aunmasbarato\"}]}<\/script>\n<!-- \/ Yoast SEO plugin. -->","yoast_head_json":{"title":"\u00bfSabes qu\u00e9 secadoras van a retirar del mercado? - Blog de Aunmasbarato.com","description":"En a\u00fan m\u00e1s barato te contamos que secadoras van a retirar del mercado y qu\u00e9 tipo de secadora debes elegir si te vas a comprar una nueva.","robots":{"index":"index","follow":"follow","max-snippet":"max-snippet:-1","max-image-preview":"max-image-preview:large","max-video-preview":"max-video-preview:-1"},"canonical":"https:\/\/www.aunmasbarato.com\/blog\/secadoras-van-a-retirar\/","og_locale":"es_ES","og_type":"article","og_title":"\u00bfSabes qu\u00e9 secadoras van a retirar del mercado? - Blog de Aunmasbarato.com","og_description":"En a\u00fan m\u00e1s barato te contamos que secadoras van a retirar del mercado y qu\u00e9 tipo de secadora debes elegir si te vas a comprar una nueva.","og_url":"https:\/\/www.aunmasbarato.com\/blog\/secadoras-van-a-retirar\/","og_site_name":"Blog de Aunmasbarato.com","article_publisher":"https:\/\/www.facebook.com\/Aunmasbarato","article_published_time":"2025-03-10T14:22:06+00:00","article_modified_time":"2025-04-09T11:13:39+00:00","og_image":[{"width":940,"height":788,"url":"https:\/\/www.aunmasbarato.com\/blog\/wp-content\/uploads\/2025\/03\/filtro-secafora.png","type":"image\/png"}],"author":"aunmasbarato","twitter_card":"summary_large_image","twitter_misc":{"Escrito por":"aunmasbarato","Tiempo de lectura":"3 minutos"},"schema":{"@context":"https:\/\/schema.org","@graph":[{"@type":"Article","@id":"https:\/\/www.aunmasbarato.com\/blog\/secadoras-van-a-retirar\/#article","isPartOf":{"@id":"https:\/\/www.aunmasbarato.com\/blog\/secadoras-van-a-retirar\/"},"author":{"name":"aunmasbarato","@id":"https:\/\/www.aunmasbarato.com\/blog\/#\/schema\/person\/737b962b6762d9aba8214784d7ed4db2"},"headline":"\u00bfSabes qu\u00e9 secadoras van a retirar del mercado?","datePublished":"2025-03-10T14:22:06+00:00","dateModified":"2025-04-09T11:13:39+00:00","mainEntityOfPage":{"@id":"https:\/\/www.aunmasbarato.com\/blog\/secadoras-van-a-retirar\/"},"wordCount":617,"publisher":{"@id":"https:\/\/www.aunmasbarato.com\/blog\/#organization"},"image":{"@id":"https:\/\/www.aunmasbarato.com\/blog\/secadoras-van-a-retirar\/#primaryimage"},"thumbnailUrl":"https:\/\/www.aunmasbarato.com\/blog\/wp-content\/uploads\/2025\/03\/filtro-secafora.png","articleSection":["Secadoras"],"inLanguage":"es"},{"@type":"WebPage","@id":"https:\/\/www.aunmasbarato.com\/blog\/secadoras-van-a-retirar\/","url":"https:\/\/www.aunmasbarato.com\/blog\/secadoras-van-a-retirar\/","name":"\u00bfSabes qu\u00e9 secadoras van a retirar del mercado? - Blog de Aunmasbarato.com","isPartOf":{"@id":"https:\/\/www.aunmasbarato.com\/blog\/#website"},"primaryImageOfPage":{"@id":"https:\/\/www.aunmasbarato.com\/blog\/secadoras-van-a-retirar\/#primaryimage"},"image":{"@id":"https:\/\/www.aunmasbarato.com\/blog\/secadoras-van-a-retirar\/#primaryimage"},"thumbnailUrl":"https:\/\/www.aunmasbarato.com\/blog\/wp-content\/uploads\/2025\/03\/filtro-secafora.png","datePublished":"2025-03-10T14:22:06+00:00","dateModified":"2025-04-09T11:13:39+00:00","description":"En a\u00fan m\u00e1s barato te contamos que secadoras van a retirar del mercado y qu\u00e9 tipo de secadora debes elegir si te vas a comprar una nueva.","breadcrumb":{"@id":"https:\/\/www.aunmasbarato.com\/blog\/secadoras-van-a-retirar\/#breadcrumb"},"inLanguage":"es","potentialAction":[{"@type":"ReadAction","target":["https:\/\/www.aunmasbarato.com\/blog\/secadoras-van-a-retirar\/"]}]},{"@type":"ImageObject","inLanguage":"es","@id":"https:\/\/www.aunmasbarato.com\/blog\/secadoras-van-a-retirar\/#primaryimage","url":"https:\/\/www.aunmasbarato.com\/blog\/wp-content\/uploads\/2025\/03\/filtro-secafora.png","contentUrl":"https:\/\/www.aunmasbarato.com\/blog\/wp-content\/uploads\/2025\/03\/filtro-secafora.png","width":940,"height":788},{"@type":"BreadcrumbList","@id":"https:\/\/www.aunmasbarato.com\/blog\/secadoras-van-a-retirar\/#breadcrumb","itemListElement":[{"@type":"ListItem","position":1,"name":"Portada","item":"https:\/\/www.aunmasbarato.com\/blog\/"},{"@type":"ListItem","position":2,"name":"\u00bfSabes qu\u00e9 secadoras van a retirar del mercado?"}]},{"@type":"WebSite","@id":"https:\/\/www.aunmasbarato.com\/blog\/#website","url":"https:\/\/www.aunmasbarato.com\/blog\/","name":"Blog - Aunmasbarato","description":"En A\u00fan M\u00e1s Barato contamos con m\u00e1s de 30 a\u00f1os de experiencia en la venta de electrodom\u00e9sticos, ofreciendo los mejores precios en electrodom\u00e9sticos con el mejor servicio. En nuestro blog encontrar\u00e1s todas las caracter\u00edsticas de nuestros electrodom\u00e9sticos y las \u00faltimas novedades del sector.","publisher":{"@id":"https:\/\/www.aunmasbarato.com\/blog\/#organization"},"potentialAction":[{"@type":"SearchAction","target":{"@type":"EntryPoint","urlTemplate":"https:\/\/www.aunmasbarato.com\/blog\/?s={search_term_string}"},"query-input":{"@type":"PropertyValueSpecification","valueRequired":true,"valueName":"search_term_string"}}],"inLanguage":"es"},{"@type":"Organization","@id":"https:\/\/www.aunmasbarato.com\/blog\/#organization","name":"aunmasbarato.com","url":"https:\/\/www.aunmasbarato.com\/blog\/","logo":{"@type":"ImageObject","inLanguage":"es","@id":"https:\/\/www.aunmasbarato.com\/blog\/#\/schema\/logo\/image\/","url":"https:\/\/www.aunmasbarato.com\/blog\/wp-content\/uploads\/2019\/05\/logo2017.png","contentUrl":"https:\/\/www.aunmasbarato.com\/blog\/wp-content\/uploads\/2019\/05\/logo2017.png","width":215,"height":89,"caption":"aunmasbarato.com"},"image":{"@id":"https:\/\/www.aunmasbarato.com\/blog\/#\/schema\/logo\/image\/"},"sameAs":["https:\/\/www.facebook.com\/Aunmasbarato"]},{"@type":"Person","@id":"https:\/\/www.aunmasbarato.com\/blog\/#\/schema\/person\/737b962b6762d9aba8214784d7ed4db2","name":"aunmasbarato"}]}},"_links":{"self":[{"href":"https:\/\/www.aunmasbarato.com\/blog\/wp-json\/wp\/v2\/posts\/1028","targetHints":{"allow":["GET"]}}],"collection":[{"href":"https:\/\/www.aunmasbarato.com\/blog\/wp-json\/wp\/v2\/posts"}],"about":[{"href":"https:\/\/www.aunmasbarato.com\/blog\/wp-json\/wp\/v2\/types\/post"}],"author":[{"embeddable":true,"href":"https:\/\/www.aunmasbarato.com\/blog\/wp-json\/wp\/v2\/users\/1"}],"replies":[{"embeddable":true,"href":"https:\/\/www.aunmasbarato.com\/blog\/wp-json\/wp\/v2\/comments?post=1028"}],"version-history":[{"count":3,"href":"https:\/\/www.aunmasbarato.com\/blog\/wp-json\/wp\/v2\/posts\/1028\/revisions"}],"predecessor-version":[{"id":1040,"href":"https:\/\/www.aunmasbarato.com\/blog\/wp-json\/wp\/v2\/posts\/1028\/revisions\/1040"}],"wp:attachment":[{"href":"https:\/\/www.aunmasbarato.com\/blog\/wp-json\/wp\/v2\/media?parent=1028"}],"wp:term":[{"taxonomy":"category","embeddable":true,"href":"https:\/\/www.aunmasbarato.com\/blog\/wp-json\/wp\/v2\/categories?post=1028"},{"taxonomy":"post_tag","embeddable":true,"href":"https:\/\/www.aunmasbarato.com\/blog\/wp-json\/wp\/v2\/tags?post=1028"}],"curies":[{"name":"wp","href":"https:\/\/api.w.org\/{rel}","templated":true}]}}